{"id":2666,"date":"2012-02-25T20:17:47","date_gmt":"2012-02-25T19:17:47","guid":{"rendered":"http:\/\/www.landseer-info.de\/landseer\/?p=2666"},"modified":"2012-02-25T20:18:31","modified_gmt":"2012-02-25T19:18:31","slug":"sonderling","status":"publish","type":"post","link":"https:\/\/www.landseer-info.de\/landseer\/allgemein\/sonderling-2666.html","title":{"rendered":"Sonderling"},"content":{"rendered":"<p>Kennen Sie eigentlich viele Menschen die morgens, so ungef\u00e4hr gegen sechs, im Garten wandeln und \u201eM\u00e4useM\u00e4use\u201c rufen?<\/p>\n<p>\u00a0Suchen Sie nicht weiter bei uns werden Sie f\u00fcndig.<\/p>\n<p><a href=\"https:\/\/www.landseer-info.de\/landseer\/wp-content\/uploads\/2012\/02\/Pchen-01.jpg\"><img loading=\"lazy\" decoding=\"async\" class=\"alignnone size-medium wp-image-2669\" title=\"Pchen-01\" src=\"https:\/\/www.landseer-info.de\/landseer\/wp-content\/uploads\/2012\/02\/Pchen-01-300x225.jpg\" alt=\"\" width=\"300\" height=\"225\" srcset=\"https:\/\/www.landseer-info.de\/landseer\/wp-content\/uploads\/2012\/02\/Pchen-01-300x225.jpg 300w, https:\/\/www.landseer-info.de\/landseer\/wp-content\/uploads\/2012\/02\/Pchen-01.jpg 800w\" sizes=\"auto, (max-width: 300px) 100vw, 300px\" \/><\/a><\/p>\n<p>Die sieben Piraten m\u00f6gen das Morgengrauen sehr. In den niederrheinischen Nebelschwaden trifft \u201eman\u201c ausgesprochen interessante Gestalten z.B. &#8222;Mamfred&#8220; den Fasan, oder \u201evan Helsing\u201c den Maulwurf von der dunklen Seite des Gartens. Heute war es \u201eSch-uhu\u201c den die Piraten beim Fr\u00fchst\u00fccken gest\u00f6rt haben. Wie bei Landseerwelpen \u00fcblich wurde sich erstmal auf den Popo gesetzt, geschaut\u00a0und nachgedacht.\u00a0 \u201eSch-uhu\u201c war wirklich m\u00e4chtig gro\u00df und als er seine Fl\u00fcgel spreizte und sich \u2013 ganz knapp \u00fcber den K\u00f6pfen der Piraten \u2013 in die L\u00fcfte erhob, waren sie doch f\u00fcr eine Zehntelsekunde beeindruckt. Einigen wurde die Situation\u00a0 unheimlich und fingen an zu winseln. Die Laute waren noch nicht ganz den kleinen Kehlen entschl\u00fcpft, da donnerten\u00a0vier Walk\u00fcren\u00a0herbei:\u00a0Mama, Oma, Tante und Gro\u00dftante mit fliegenden Ohren, Ruten und einem L\u00e4cheln im Gesicht, bereit\u00a0 jeden Feind auf der Stelle in die Flucht\u00a0zu schlagen. Unter sicherem Geleit mussten sich die Piraten dann erst einmal beim Fr\u00fchst\u00fcck st\u00e4rken\u2026<\/p>\n","protected":false},"excerpt":{"rendered":"<p>Kennen Sie eigentlich viele Menschen die morgens, so ungef\u00e4hr gegen sechs, im Garten wandeln und \u201eM\u00e4useM\u00e4use\u201c rufen? \u00a0Suchen Sie nicht weiter bei uns werden Sie f\u00fcndig. Die sieben Piraten m\u00f6gen das Morgengrauen sehr. In den niederrheinischen Nebelschwaden trifft \u201eman\u201c ausgesprochen interessante Gestalten z.B. &#8222;Mamfred&#8220; den Fasan, oder \u201evan Helsing\u201c den Maulwurf von der dunklen Seite&#8230;<\/p>\n","protected":false},"author":1,"featured_media":0,"comment_status":"open","ping_status":"closed","sticky":false,"template":"","format":"standard","meta":{"footnotes":""},"categories":[1],"tags":[],"class_list":["post-2666","post","type-post","status-publish","format-standard","hentry","category-allgemein"],"_links":{"self":[{"href":"https:\/\/www.landseer-info.de\/landseer\/wp-json\/wp\/v2\/posts\/2666","targetHints":{"allow":["GET"]}}],"collection":[{"href":"https:\/\/www.landseer-info.de\/landseer\/wp-json\/wp\/v2\/posts"}],"about":[{"href":"https:\/\/www.landseer-info.de\/landseer\/wp-json\/wp\/v2\/types\/post"}],"author":[{"embeddable":true,"href":"https:\/\/www.landseer-info.de\/landseer\/wp-json\/wp\/v2\/users\/1"}],"replies":[{"embeddable":true,"href":"https:\/\/www.landseer-info.de\/landseer\/wp-json\/wp\/v2\/comments?post=2666"}],"version-history":[{"count":0,"href":"https:\/\/www.landseer-info.de\/landseer\/wp-json\/wp\/v2\/posts\/2666\/revisions"}],"wp:attachment":[{"href":"https:\/\/www.landseer-info.de\/landseer\/wp-json\/wp\/v2\/media?parent=2666"}],"wp:term":[{"taxonomy":"category","embeddable":true,"href":"https:\/\/www.landseer-info.de\/landseer\/wp-json\/wp\/v2\/categories?post=2666"},{"taxonomy":"post_tag","embeddable":true,"href":"https:\/\/www.landseer-info.de\/landseer\/wp-json\/wp\/v2\/tags?post=2666"}],"curies":[{"name":"wp","href":"https:\/\/api.w.org\/{rel}","templated":true}]}}