{"id":2341,"date":"2011-12-09T20:46:27","date_gmt":"2011-12-09T19:46:27","guid":{"rendered":"http:\/\/www.landseer-info.de\/landseer\/?p=2341"},"modified":"2011-12-10T07:39:44","modified_gmt":"2011-12-10T06:39:44","slug":"landseer-akt-sensationelle-entdeckung","status":"publish","type":"post","link":"https:\/\/www.landseer-info.de\/landseer\/allgemein\/landseer-akt-sensationelle-entdeckung-2341.html","title":{"rendered":"Landseer AKT &#8211; Sensationelle Entdeckung"},"content":{"rendered":"<p><a href=\"https:\/\/www.landseer-info.de\/landseer\/wp-content\/uploads\/2011\/12\/Sofiedez.jpg\"><img loading=\"lazy\" decoding=\"async\" class=\"alignnone size-medium wp-image-2342\" title=\"Sofiedez\" src=\"https:\/\/www.landseer-info.de\/landseer\/wp-content\/uploads\/2011\/12\/Sofiedez-200x300.jpg\" alt=\"\" width=\"200\" height=\"300\" srcset=\"https:\/\/www.landseer-info.de\/landseer\/wp-content\/uploads\/2011\/12\/Sofiedez-200x300.jpg 200w, https:\/\/www.landseer-info.de\/landseer\/wp-content\/uploads\/2011\/12\/Sofiedez.jpg 600w\" sizes=\"auto, (max-width: 200px) 100vw, 200px\" \/><\/a>\u00a0Haltern:<\/p>\n<p>Wie erst heute bekannt wurde, existiert neben dem bekannten Landseer \/ ECT (europ\u00e4isch-kontinentaler Typ) auch ein AKT (alpin-kletternder Typ).Biologen entdeckten das Tier in einem Waldst\u00fcck im M\u00fcnsterland.<\/p>\n<p><a href=\"https:\/\/www.landseer-info.de\/landseer\/wp-content\/uploads\/2011\/12\/sofiedez2.jpg\"><img loading=\"lazy\" decoding=\"async\" class=\"alignnone size-medium wp-image-2343\" title=\"sofiedez2\" src=\"https:\/\/www.landseer-info.de\/landseer\/wp-content\/uploads\/2011\/12\/sofiedez2-300x199.jpg\" alt=\"\" width=\"300\" height=\"199\" srcset=\"https:\/\/www.landseer-info.de\/landseer\/wp-content\/uploads\/2011\/12\/sofiedez2-300x199.jpg 300w, https:\/\/www.landseer-info.de\/landseer\/wp-content\/uploads\/2011\/12\/sofiedez2.jpg 950w\" sizes=\"auto, (max-width: 300px) 100vw, 300px\" \/><\/a>\u00a0Die Experten sind sich aber sicher, dass der Ursprung dieses Typs in der N\u00e4he der holl\u00e4ndischen Grenze zu suchen ist.<\/p>\n<p><a href=\"https:\/\/www.landseer-info.de\/landseer\/wp-content\/uploads\/2011\/12\/Sofiedez3.jpg\"><img loading=\"lazy\" decoding=\"async\" class=\"alignnone size-medium wp-image-2348\" title=\"Nova Sofie\" src=\"https:\/\/www.landseer-info.de\/landseer\/wp-content\/uploads\/2011\/12\/Sofiedez3-199x300.jpg\" alt=\"\" width=\"199\" height=\"300\" srcset=\"https:\/\/www.landseer-info.de\/landseer\/wp-content\/uploads\/2011\/12\/Sofiedez3-199x300.jpg 199w, https:\/\/www.landseer-info.de\/landseer\/wp-content\/uploads\/2011\/12\/Sofiedez3.jpg 633w\" sizes=\"auto, (max-width: 199px) 100vw, 199px\" \/><\/a>\u00a0Inwieweit das neue Bewegungsmuster langfristig Auswirkungen auf die L\u00e4nge des Halses hat, bleibt abzuwarten. Selbst Artgenossen derselben Rasse betrachten die Entwicklung mit gro\u00dfer Skepsis und \u00fcben sich in Zur\u00fcckhaltung.<\/p>\n","protected":false},"excerpt":{"rendered":"<p>\u00a0Haltern: Wie erst heute bekannt wurde, existiert neben dem bekannten Landseer \/ ECT (europ\u00e4isch-kontinentaler Typ) auch ein AKT (alpin-kletternder Typ).Biologen entdeckten das Tier in einem Waldst\u00fcck im M\u00fcnsterland. \u00a0Die Experten sind sich aber sicher, dass der Ursprung dieses Typs in der N\u00e4he der holl\u00e4ndischen Grenze zu suchen ist. \u00a0Inwieweit das neue Bewegungsmuster langfristig Auswirkungen auf&#8230;<\/p>\n","protected":false},"author":1,"featured_media":0,"comment_status":"open","ping_status":"closed","sticky":false,"template":"","format":"standard","meta":{"footnotes":""},"categories":[1],"tags":[12,27,25],"class_list":["post-2341","post","type-post","status-publish","format-standard","hentry","category-allgemein","tag-landseer","tag-landseer-fotos","tag-schwanenburg"],"_links":{"self":[{"href":"https:\/\/www.landseer-info.de\/landseer\/wp-json\/wp\/v2\/posts\/2341","targetHints":{"allow":["GET"]}}],"collection":[{"href":"https:\/\/www.landseer-info.de\/landseer\/wp-json\/wp\/v2\/posts"}],"about":[{"href":"https:\/\/www.landseer-info.de\/landseer\/wp-json\/wp\/v2\/types\/post"}],"author":[{"embeddable":true,"href":"https:\/\/www.landseer-info.de\/landseer\/wp-json\/wp\/v2\/users\/1"}],"replies":[{"embeddable":true,"href":"https:\/\/www.landseer-info.de\/landseer\/wp-json\/wp\/v2\/comments?post=2341"}],"version-history":[{"count":0,"href":"https:\/\/www.landseer-info.de\/landseer\/wp-json\/wp\/v2\/posts\/2341\/revisions"}],"wp:attachment":[{"href":"https:\/\/www.landseer-info.de\/landseer\/wp-json\/wp\/v2\/media?parent=2341"}],"wp:term":[{"taxonomy":"category","embeddable":true,"href":"https:\/\/www.landseer-info.de\/landseer\/wp-json\/wp\/v2\/categories?post=2341"},{"taxonomy":"post_tag","embeddable":true,"href":"https:\/\/www.landseer-info.de\/landseer\/wp-json\/wp\/v2\/tags?post=2341"}],"curies":[{"name":"wp","href":"https:\/\/api.w.org\/{rel}","templated":true}]}}