{"id":171,"date":"2008-08-13T12:51:35","date_gmt":"2008-08-13T11:51:35","guid":{"rendered":"http:\/\/www.landseer-info.de\/landseer\/allgemein\/die-freumaeuse-werden-2-jahre-alt-171.html"},"modified":"2008-08-13T13:08:09","modified_gmt":"2008-08-13T12:08:09","slug":"die-freumaeuse-werden-2-jahre-alt","status":"publish","type":"post","link":"https:\/\/www.landseer-info.de\/landseer\/allgemein\/die-freumaeuse-werden-2-jahre-alt-171.html","title":{"rendered":"Die Freum\u00e4use werden 2 Jahre alt"},"content":{"rendered":"<p><a href=\"https:\/\/www.landseer-info.de\/landseer\/wp-content\/uploads\/2008\/08\/2008.jpg\" title=\"2008.jpg\"><\/a><a href=\"https:\/\/www.landseer-info.de\/landseer\/wp-content\/uploads\/2008\/08\/caprice-2.jpg\" title=\"caprice-2.jpg\"><img decoding=\"async\" src=\"https:\/\/www.landseer-info.de\/landseer\/wp-content\/uploads\/2008\/08\/caprice-2.thumbnail.jpg\" alt=\"caprice-2.jpg\" \/><\/a>Unsere besten Gr\u00fc\u00dfe und W\u00fcnsche an:<\/p>\n<p>Fee &#8211; Filou &#8211; Franjo &#8211; Faladin &#8211; Fudji &#8211; Falco &#8211; Franz-Josef<\/p>\n","protected":false},"excerpt":{"rendered":"<p>Unsere besten Gr\u00fc\u00dfe und W\u00fcnsche an: Fee &#8211; Filou &#8211; Franjo &#8211; Faladin &#8211; Fudji &#8211; Falco &#8211; Franz-Josef<\/p>\n","protected":false},"author":1,"featured_media":0,"comment_status":"open","ping_status":"open","sticky":false,"template":"","format":"standard","meta":{"footnotes":""},"categories":[1],"tags":[],"class_list":["post-171","post","type-post","status-publish","format-standard","hentry","category-allgemein"],"_links":{"self":[{"href":"https:\/\/www.landseer-info.de\/landseer\/wp-json\/wp\/v2\/posts\/171","targetHints":{"allow":["GET"]}}],"collection":[{"href":"https:\/\/www.landseer-info.de\/landseer\/wp-json\/wp\/v2\/posts"}],"about":[{"href":"https:\/\/www.landseer-info.de\/landseer\/wp-json\/wp\/v2\/types\/post"}],"author":[{"embeddable":true,"href":"https:\/\/www.landseer-info.de\/landseer\/wp-json\/wp\/v2\/users\/1"}],"replies":[{"embeddable":true,"href":"https:\/\/www.landseer-info.de\/landseer\/wp-json\/wp\/v2\/comments?post=171"}],"version-history":[{"count":0,"href":"https:\/\/www.landseer-info.de\/landseer\/wp-json\/wp\/v2\/posts\/171\/revisions"}],"wp:attachment":[{"href":"https:\/\/www.landseer-info.de\/landseer\/wp-json\/wp\/v2\/media?parent=171"}],"wp:term":[{"taxonomy":"category","embeddable":true,"href":"https:\/\/www.landseer-info.de\/landseer\/wp-json\/wp\/v2\/categories?post=171"},{"taxonomy":"post_tag","embeddable":true,"href":"https:\/\/www.landseer-info.de\/landseer\/wp-json\/wp\/v2\/tags?post=171"}],"curies":[{"name":"wp","href":"https:\/\/api.w.org\/{rel}","templated":true}]}}