{"id":1286,"date":"2010-11-26T12:36:08","date_gmt":"2010-11-26T11:36:08","guid":{"rendered":"http:\/\/www.landseer-info.de\/landseer\/?p=1286"},"modified":"2010-11-26T12:36:08","modified_gmt":"2010-11-26T11:36:08","slug":"was-sich-ein-welpe-so-denkt","status":"publish","type":"post","link":"https:\/\/www.landseer-info.de\/landseer\/allgemein\/was-sich-ein-welpe-so-denkt-1286.html","title":{"rendered":"Was sich ein Welpe so denkt&#8230;"},"content":{"rendered":"<p><a href=\"https:\/\/www.landseer-info.de\/landseer\/wp-content\/uploads\/2010\/11\/Landseerwelpe-4.jpg\"><\/a><a href=\"https:\/\/www.landseer-info.de\/landseer\/wp-content\/uploads\/2010\/11\/Landseerwelpe.jpg\"><img loading=\"lazy\" decoding=\"async\" class=\"alignnone size-medium wp-image-1287\" title=\"Landseerwelpe\" src=\"https:\/\/www.landseer-info.de\/landseer\/wp-content\/uploads\/2010\/11\/Landseerwelpe-300x225.jpg\" alt=\"\" width=\"300\" height=\"225\" srcset=\"https:\/\/www.landseer-info.de\/landseer\/wp-content\/uploads\/2010\/11\/Landseerwelpe-300x225.jpg 300w, https:\/\/www.landseer-info.de\/landseer\/wp-content\/uploads\/2010\/11\/Landseerwelpe.jpg 640w\" sizes=\"auto, (max-width: 300px) 100vw, 300px\" \/><\/a>\u00a0<\/p>\n<p>Mein Zweibeiner kann Gedankenlesen \u2013 er wei\u00df immer wann ich muss \u2013 meistens jedenfalls\u2026, er wird nur dann hektisch wenn meine Augen schon gelb sind<\/p>\n<p><a href=\"https:\/\/www.landseer-info.de\/landseer\/wp-content\/uploads\/2010\/11\/Landseerwelpe-1.jpg\"><img loading=\"lazy\" decoding=\"async\" class=\"alignnone size-medium wp-image-1288\" title=\"Landseerwelpe 1\" src=\"https:\/\/www.landseer-info.de\/landseer\/wp-content\/uploads\/2010\/11\/Landseerwelpe-1-300x225.jpg\" alt=\"\" width=\"300\" height=\"225\" srcset=\"https:\/\/www.landseer-info.de\/landseer\/wp-content\/uploads\/2010\/11\/Landseerwelpe-1-300x225.jpg 300w, https:\/\/www.landseer-info.de\/landseer\/wp-content\/uploads\/2010\/11\/Landseerwelpe-1.jpg 640w\" sizes=\"auto, (max-width: 300px) 100vw, 300px\" \/><\/a><\/p>\n<p>Mein Mensch traut sich ohne mich nicht auf die Stra\u00dfe \u2013 er h\u00e4lt sich sogar an einem Riemen bei mir fest damit er Halt hat\u2026<\/p>\n<p><a href=\"https:\/\/www.landseer-info.de\/landseer\/wp-content\/uploads\/2010\/11\/Landseerwelpe-2.jpg\"><img loading=\"lazy\" decoding=\"async\" class=\"alignnone size-medium wp-image-1289\" title=\"Landseerwelpe 2\" src=\"https:\/\/www.landseer-info.de\/landseer\/wp-content\/uploads\/2010\/11\/Landseerwelpe-2-300x225.jpg\" alt=\"\" width=\"300\" height=\"225\" srcset=\"https:\/\/www.landseer-info.de\/landseer\/wp-content\/uploads\/2010\/11\/Landseerwelpe-2-300x225.jpg 300w, https:\/\/www.landseer-info.de\/landseer\/wp-content\/uploads\/2010\/11\/Landseerwelpe-2.jpg 640w\" sizes=\"auto, (max-width: 300px) 100vw, 300px\" \/><\/a><\/p>\n<p>Mein Mensch leidet an einer Krankheit: er kann sich meinen Namen nicht merken. Das ist nichts Schlimmes, nur anstrengend f\u00fcr mich die ganzen Namen zu behalten:\u00a0 \u201ePFUI\u201c kann er sich wohl am besten merken \u2013 das ruft er ganz oft. \u201eKOMM\u201c mag er auch gerne und seit gestern hei\u00dfe ich \u201eSITZ\u201c<\/p>\n<p><a href=\"https:\/\/www.landseer-info.de\/landseer\/wp-content\/uploads\/2010\/11\/Landseerwelpe-3.jpg\"><img loading=\"lazy\" decoding=\"async\" class=\"alignnone size-medium wp-image-1290\" title=\"Landseerwelpe 3\" src=\"https:\/\/www.landseer-info.de\/landseer\/wp-content\/uploads\/2010\/11\/Landseerwelpe-3-300x225.jpg\" alt=\"\" width=\"300\" height=\"225\" srcset=\"https:\/\/www.landseer-info.de\/landseer\/wp-content\/uploads\/2010\/11\/Landseerwelpe-3-300x225.jpg 300w, https:\/\/www.landseer-info.de\/landseer\/wp-content\/uploads\/2010\/11\/Landseerwelpe-3.jpg 640w\" sizes=\"auto, (max-width: 300px) 100vw, 300px\" \/><\/a><\/p>\n<p>Seltsame Fre\u00dfrituale hat er auch: er packt sein Fressen auf eine Steinplatte und fri\u00dft mit Metallgegenst\u00e4nden \u2013 ich brauche nur Fressen, eine Sch\u00fcssel und meine Schnauze \u2026.<\/p>\n<p>Mein Zweibeiner hat \u00fcberhaupt kein Fell, nur ein paar Fusseln auf dem Kopf. Ist ja kein Wunder, da\u00df er st\u00e4ndig friert und in seine H\u00fctte will\u2026.<\/p>\n<p><a href=\"https:\/\/www.landseer-info.de\/landseer\/wp-content\/uploads\/2010\/11\/Landseerwelpe-41.jpg\"><img loading=\"lazy\" decoding=\"async\" class=\"alignnone size-medium wp-image-1293\" title=\"Landseerwelpe 4\" src=\"https:\/\/www.landseer-info.de\/landseer\/wp-content\/uploads\/2010\/11\/Landseerwelpe-41-300x225.jpg\" alt=\"\" width=\"300\" height=\"225\" srcset=\"https:\/\/www.landseer-info.de\/landseer\/wp-content\/uploads\/2010\/11\/Landseerwelpe-41-300x225.jpg 300w, https:\/\/www.landseer-info.de\/landseer\/wp-content\/uploads\/2010\/11\/Landseerwelpe-41.jpg 640w\" sizes=\"auto, (max-width: 300px) 100vw, 300px\" \/><\/a><\/p>\n<p>Gut, da\u00df ich jetzt da bin um auf ihn aufzupassen \u2013 man kann sie einfach nicht alleine lassen.<\/p>\n","protected":false},"excerpt":{"rendered":"<p>\u00a0 Mein Zweibeiner kann Gedankenlesen \u2013 er wei\u00df immer wann ich muss \u2013 meistens jedenfalls\u2026, er wird nur dann hektisch wenn meine Augen schon gelb sind Mein Mensch traut sich ohne mich nicht auf die Stra\u00dfe \u2013 er h\u00e4lt sich sogar an einem Riemen bei mir fest damit er Halt hat\u2026 Mein Mensch leidet an&#8230;<\/p>\n","protected":false},"author":1,"featured_media":0,"comment_status":"open","ping_status":"closed","sticky":false,"template":"","format":"standard","meta":{"footnotes":""},"categories":[1],"tags":[],"class_list":["post-1286","post","type-post","status-publish","format-standard","hentry","category-allgemein"],"_links":{"self":[{"href":"https:\/\/www.landseer-info.de\/landseer\/wp-json\/wp\/v2\/posts\/1286","targetHints":{"allow":["GET"]}}],"collection":[{"href":"https:\/\/www.landseer-info.de\/landseer\/wp-json\/wp\/v2\/posts"}],"about":[{"href":"https:\/\/www.landseer-info.de\/landseer\/wp-json\/wp\/v2\/types\/post"}],"author":[{"embeddable":true,"href":"https:\/\/www.landseer-info.de\/landseer\/wp-json\/wp\/v2\/users\/1"}],"replies":[{"embeddable":true,"href":"https:\/\/www.landseer-info.de\/landseer\/wp-json\/wp\/v2\/comments?post=1286"}],"version-history":[{"count":0,"href":"https:\/\/www.landseer-info.de\/landseer\/wp-json\/wp\/v2\/posts\/1286\/revisions"}],"wp:attachment":[{"href":"https:\/\/www.landseer-info.de\/landseer\/wp-json\/wp\/v2\/media?parent=1286"}],"wp:term":[{"taxonomy":"category","embeddable":true,"href":"https:\/\/www.landseer-info.de\/landseer\/wp-json\/wp\/v2\/categories?post=1286"},{"taxonomy":"post_tag","embeddable":true,"href":"https:\/\/www.landseer-info.de\/landseer\/wp-json\/wp\/v2\/tags?post=1286"}],"curies":[{"name":"wp","href":"https:\/\/api.w.org\/{rel}","templated":true}]}}