{"id":1046,"date":"2010-09-28T15:54:07","date_gmt":"2010-09-28T14:54:07","guid":{"rendered":"http:\/\/www.landseer-info.de\/landseer\/?p=1046"},"modified":"2010-09-28T18:29:36","modified_gmt":"2010-09-28T17:29:36","slug":"der-landseer-in-den-medien","status":"publish","type":"post","link":"https:\/\/www.landseer-info.de\/landseer\/allgemein\/der-landseer-in-den-medien-1046.html","title":{"rendered":"Der Landseer in den Medien"},"content":{"rendered":"<p>Da haben wir den Salat!<\/p>\n<p>Der erste Bei\u00dfunfall an dem ein \u201eLandseer\u201c beteiligt sein soll, geistert seit gestern durch die \u00f6sterreichischen Medien. .Das ist doch nicht m\u00f6glich denke ich und mir f\u00e4llt eine Begebenheit aus dem Jahr 2000 \u2013 dem Jahr der Kampfhundehysterie ein:<\/p>\n<p>Es wurde eine Rassenliste der \u201egef\u00e4hrlichen\u201c Hunde ver\u00f6ffentlicht und neben der Klassifizierung des Mastin prangerte das Foto eines bekannten Landseerr\u00fcden.. Unkenntnis und schlechte Recherchen haben h\u00e4ufig fatale Folgen. Die in den \u00f6sterreichischen Medien ver\u00f6ffentlichten Fotos zu dem Vorfall zeigen deutlich einen anderen Hundetyp n\u00e4mlich einen Mastin Espaniol., einen Herdenschutzhund.mit\u00a0extrem territorialen Neigungen.<\/p>\n<p><a href=\"https:\/\/www.landseer-info.de\/landseer\/wp-content\/uploads\/2010\/09\/mastinespaniol.jpg\"><img loading=\"lazy\" decoding=\"async\" class=\"alignnone size-medium wp-image-1047\" title=\"mastinespaniol\" src=\"https:\/\/www.landseer-info.de\/landseer\/wp-content\/uploads\/2010\/09\/mastinespaniol-300x225.jpg\" alt=\"\" width=\"300\" height=\"225\" srcset=\"https:\/\/www.landseer-info.de\/landseer\/wp-content\/uploads\/2010\/09\/mastinespaniol-300x225.jpg 300w, https:\/\/www.landseer-info.de\/landseer\/wp-content\/uploads\/2010\/09\/mastinespaniol.jpg 340w\" sizes=\"auto, (max-width: 300px) 100vw, 300px\" \/><\/a>\u00a0Raten Sie mal welche Rasse das ist&#8230;.<\/p>\n<p><a href=\"https:\/\/www.landseer-info.de\/landseer\/wp-content\/uploads\/2010\/09\/mastin.jpg\"><img loading=\"lazy\" decoding=\"async\" class=\"alignnone size-medium wp-image-1048\" title=\"mastin\" src=\"https:\/\/www.landseer-info.de\/landseer\/wp-content\/uploads\/2010\/09\/mastin-300x168.jpg\" alt=\"\" width=\"300\" height=\"168\" srcset=\"https:\/\/www.landseer-info.de\/landseer\/wp-content\/uploads\/2010\/09\/mastin-300x168.jpg 300w, https:\/\/www.landseer-info.de\/landseer\/wp-content\/uploads\/2010\/09\/mastin.jpg 632w\" sizes=\"auto, (max-width: 300px) 100vw, 300px\" \/><\/a>\u00a0nun haben Sie es gewu\u00dft ?<\/p>\n<p>Beide Fotos zeigen einen Mastin Espaniol&#8230;&#8230;&#8230;.<\/p>\n<p>Die Zugriffszahlen auf meiner Homepage sind seit der Ver\u00f6ffentlichung in \u00d6sterreich um das dreifache gestiegen. Es zeigt damit, dass hoher Informationsbedarf besteht. Es bleibt zu hoffen, dass der zust\u00e4ndige Rasseclub in \u00d6sterreich eine Stellungnahme zu dem Vorfall ver\u00f6ffentlicht. bzw. erst einmal recherchiert ob tats\u00e4chlich ein \u201eLandseer\u201c beteiligt war.<\/p>\n<p>Die Landseer die ich kenne \u2013 und das sind wohl unbestritten eine ganze Menge \u2013 sind Menschen gegen\u00fcber beinahe aufdringlich gutm\u00fctig. Alles \u2013 und ich meine wirklich Alles \u2013 kann man ihnen anvertrauen. Vom winzigen Ziegenlamm bis zum Kleinkind. Wer je gesehen hat wie \u00fcberaus vorsichtig die gefleckten Riesen mit \u201eKleinem\u201c umgehen. wird wissen was ich meine.<\/p>\n<p><a href=\"https:\/\/www.landseer-info.de\/landseer\/wp-content\/uploads\/2010\/09\/Charel.jpg\"><img loading=\"lazy\" decoding=\"async\" class=\"alignnone size-medium wp-image-1049\" title=\"Charel\" src=\"https:\/\/www.landseer-info.de\/landseer\/wp-content\/uploads\/2010\/09\/Charel-300x225.jpg\" alt=\"\" width=\"300\" height=\"225\" srcset=\"https:\/\/www.landseer-info.de\/landseer\/wp-content\/uploads\/2010\/09\/Charel-300x225.jpg 300w, https:\/\/www.landseer-info.de\/landseer\/wp-content\/uploads\/2010\/09\/Charel.jpg 624w\" sizes=\"auto, (max-width: 300px) 100vw, 300px\" \/><\/a><\/p>\n<p>Ich wei\u00df nicht was in \u00d6sterreich passiert ist \u2013 aber ich habe Kraft meiner Erfahrung erhebliche Zweifel an dieser Geschichte.<\/p>\n","protected":false},"excerpt":{"rendered":"<p>Da haben wir den Salat! Der erste Bei\u00dfunfall an dem ein \u201eLandseer\u201c beteiligt sein soll, geistert seit gestern durch die \u00f6sterreichischen Medien. .Das ist doch nicht m\u00f6glich denke ich und mir f\u00e4llt eine Begebenheit aus dem Jahr 2000 \u2013 dem Jahr der Kampfhundehysterie ein: Es wurde eine Rassenliste der \u201egef\u00e4hrlichen\u201c Hunde ver\u00f6ffentlicht und neben der&#8230;<\/p>\n","protected":false},"author":1,"featured_media":0,"comment_status":"open","ping_status":"closed","sticky":false,"template":"","format":"standard","meta":{"footnotes":""},"categories":[1],"tags":[],"class_list":["post-1046","post","type-post","status-publish","format-standard","hentry","category-allgemein"],"_links":{"self":[{"href":"https:\/\/www.landseer-info.de\/landseer\/wp-json\/wp\/v2\/posts\/1046","targetHints":{"allow":["GET"]}}],"collection":[{"href":"https:\/\/www.landseer-info.de\/landseer\/wp-json\/wp\/v2\/posts"}],"about":[{"href":"https:\/\/www.landseer-info.de\/landseer\/wp-json\/wp\/v2\/types\/post"}],"author":[{"embeddable":true,"href":"https:\/\/www.landseer-info.de\/landseer\/wp-json\/wp\/v2\/users\/1"}],"replies":[{"embeddable":true,"href":"https:\/\/www.landseer-info.de\/landseer\/wp-json\/wp\/v2\/comments?post=1046"}],"version-history":[{"count":0,"href":"https:\/\/www.landseer-info.de\/landseer\/wp-json\/wp\/v2\/posts\/1046\/revisions"}],"wp:attachment":[{"href":"https:\/\/www.landseer-info.de\/landseer\/wp-json\/wp\/v2\/media?parent=1046"}],"wp:term":[{"taxonomy":"category","embeddable":true,"href":"https:\/\/www.landseer-info.de\/landseer\/wp-json\/wp\/v2\/categories?post=1046"},{"taxonomy":"post_tag","embeddable":true,"href":"https:\/\/www.landseer-info.de\/landseer\/wp-json\/wp\/v2\/tags?post=1046"}],"curies":[{"name":"wp","href":"https:\/\/api.w.org\/{rel}","templated":true}]}}